{"id":138,"date":"2016-10-29T21:44:31","date_gmt":"2016-10-29T20:44:31","guid":{"rendered":"http:\/\/carrefourlaiqueaubenas.fr\/?p=138"},"modified":"2016-12-04T09:18:08","modified_gmt":"2016-12-04T08:18:08","slug":"les-generations-de-mai-68-et-leurs-heritages","status":"publish","type":"post","link":"https:\/\/carrefourlaiqueaubenas.fr\/index.php\/2016\/10\/29\/les-generations-de-mai-68-et-leurs-heritages\/","title":{"rendered":"Les g\u00e9n\u00e9rations de mai 68 et leurs h\u00e9ritages"},"content":{"rendered":"<p><img loading=\"lazy\" decoding=\"async\" class=\"alignleft size-medium wp-image-140\" src=\"https:\/\/carrefourlaiqueaubenas.fr\/wp-content\/uploads\/2016\/10\/mai68unpave-198x300.jpg\" alt=\"mai68unpave\" width=\"198\" height=\"300\" srcset=\"https:\/\/carrefourlaiqueaubenas.fr\/wp-content\/uploads\/2016\/10\/mai68unpave-198x300.jpg 198w, https:\/\/carrefourlaiqueaubenas.fr\/wp-content\/uploads\/2016\/10\/mai68unpave-768x1165.jpg 768w, https:\/\/carrefourlaiqueaubenas.fr\/wp-content\/uploads\/2016\/10\/mai68unpave-675x1024.jpg 675w, https:\/\/carrefourlaiqueaubenas.fr\/wp-content\/uploads\/2016\/10\/mai68unpave-99x150.jpg 99w, https:\/\/carrefourlaiqueaubenas.fr\/wp-content\/uploads\/2016\/10\/mai68unpave.jpg 923w\" sizes=\"auto, (max-width: 198px) 100vw, 198px\" \/>Jeudi 3 novembre &#8211; 20h30<br \/>\nSalle des f\u00eates de Saint-Julien-du-Serre<\/p>\n<p>Julie Pagis, chercheuse en sociologie politique au CNRS<\/p>\n<p>\u00ab Qui sont celles et ceux qui ont fait Mai 68 ? Pourquoi et<br \/>\ncomment leurs trajectoires individuelles sont-elles entr\u00e9es<br \/>\ndans l\u2019histoire ?<br \/>\nEn portent-ils encore aujourd\u2019hui les marques ? Quel a<br \/>\n\u00e9t\u00e9 l\u2019impact de leur militantisme sur leurs enfants ? Pour<br \/>\nr\u00e9pondre \u00e0 ces questions, Julie Pagis, s\u2019appuyant sur une<br \/>\nenqu\u00eate d\u2019ampleur consacr\u00e9e aux parcours de \u00ab soixantehuitards<br \/>\nordinaires \u00bb, combine analyses statistiques et r\u00e9cits<br \/>\nde vie d\u2019ex-soixante-huitards et de leurs enfants.<br \/>\nPrenant ses distances avec le lieu commun d\u2019une \u00ab<br \/>\ng\u00e9n\u00e9ration 68 \u00bb devenue opportuniste, occupant des postes<br \/>\nde pouvoir dans les champs politiques, m\u00e9diatiques ou<br \/>\nlitt\u00e9raires et convertie au \u00ab lib\u00e9ral-libertarisme \u00bb, l\u2019auteure<br \/>\nexplore avec finesse la diversit\u00e9 des profils des femmes et<br \/>\ndes hommes qui ont particip\u00e9 \u00e0 Mai 68, avant de montrer<br \/>\nles effets multiples de cet engagement dans les sph\u00e8res<br \/>\nprofessionnelles, amoureuses, militantes ou familiales.<br \/>\nDes racines de l\u2019engagement \u00e0 la transmission familiale<br \/>\ndu militantisme en passant par les diverses reconversions<br \/>\npost-soixantehuitardes, l\u2019ouvrage vient r\u00e9habiliter une<br \/>\nhistoire plurielle de Mai 68, largement ensevelie au fil des<br \/>\nc\u00e9l\u00e9brations d\u00e9cennales des \u00e9v\u00e9nements. \u00bb<br \/>\nJulie Pagis<br \/>\nConf\u00e9rence tir\u00e9e d\u2019une th\u00e8se, soutenue en 2009 \u00e0 l&rsquo;Ecole des Hautes Etudes en Sciences<br \/>\nSociales \u00e0 Paris.<\/p>\n","protected":false},"excerpt":{"rendered":"<p>Jeudi 3 novembre &#8211; 20h30 Salle des f\u00eates de Saint-Julien-du-Serre Julie Pagis, chercheuse en sociologie politique au CNRS \u00ab Qui sont celles et ceux qui ont fait Mai 68 ? Pourquoi et comment leurs trajectoires individuelles sont-elles entr\u00e9es dans l\u2019histoire ? En portent-ils encore aujourd\u2019hui les marques ? Quel a \u2026<\/p>\n<p class=\"continue-reading-button\"> <a class=\"continue-reading-link\" href=\"https:\/\/carrefourlaiqueaubenas.fr\/index.php\/2016\/10\/29\/les-generations-de-mai-68-et-leurs-heritages\/\">Lire la suite<i class=\"crycon-right-dir\"><\/i><\/a><\/p>\n","protected":false},"author":1,"featured_media":0,"comment_status":"open","ping_status":"open","sticky":false,"template":"","format":"standard","meta":{"footnotes":""},"categories":[2],"tags":[],"class_list":["post-138","post","type-post","status-publish","format-standard","hentry","category-conference"],"_links":{"self":[{"href":"https:\/\/carrefourlaiqueaubenas.fr\/index.php\/wp-json\/wp\/v2\/posts\/138","targetHints":{"allow":["GET"]}}],"collection":[{"href":"https:\/\/carrefourlaiqueaubenas.fr\/index.php\/wp-json\/wp\/v2\/posts"}],"about":[{"href":"https:\/\/carrefourlaiqueaubenas.fr\/index.php\/wp-json\/wp\/v2\/types\/post"}],"author":[{"embeddable":true,"href":"https:\/\/carrefourlaiqueaubenas.fr\/index.php\/wp-json\/wp\/v2\/users\/1"}],"replies":[{"embeddable":true,"href":"https:\/\/carrefourlaiqueaubenas.fr\/index.php\/wp-json\/wp\/v2\/comments?post=138"}],"version-history":[{"count":3,"href":"https:\/\/carrefourlaiqueaubenas.fr\/index.php\/wp-json\/wp\/v2\/posts\/138\/revisions"}],"predecessor-version":[{"id":150,"href":"https:\/\/carrefourlaiqueaubenas.fr\/index.php\/wp-json\/wp\/v2\/posts\/138\/revisions\/150"}],"wp:attachment":[{"href":"https:\/\/carrefourlaiqueaubenas.fr\/index.php\/wp-json\/wp\/v2\/media?parent=138"}],"wp:term":[{"taxonomy":"category","embeddable":true,"href":"https:\/\/carrefourlaiqueaubenas.fr\/index.php\/wp-json\/wp\/v2\/categories?post=138"},{"taxonomy":"post_tag","embeddable":true,"href":"https:\/\/carrefourlaiqueaubenas.fr\/index.php\/wp-json\/wp\/v2\/tags?post=138"}],"curies":[{"name":"wp","href":"https:\/\/api.w.org\/{rel}","templated":true}]}}