{"id":177,"date":"2025-05-06T17:11:23","date_gmt":"2025-05-06T16:11:23","guid":{"rendered":"https:\/\/carrefourlaiqueaubenas.fr\/?p=177"},"modified":"2025-05-08T21:38:46","modified_gmt":"2025-05-08T20:38:46","slug":"conference-salle-le-bournot","status":"publish","type":"post","link":"https:\/\/carrefourlaiqueaubenas.fr\/index.php\/2025\/05\/06\/conference-salle-le-bournot\/","title":{"rendered":"\u00ab\u00a0Annonay, d\u00e9livr\u00e9s sur le chemin de la d\u00e9portation. A quoi ont-ils \u00e9chapp\u00e9?\u00a0\u00bb"},"content":{"rendered":"\n<p><strong>Jeudi 15 mai \u00e0 18h \u00e0 Aubenas Salle Le Bournot <\/strong><br><strong> avec Sandrine Gaume du mus\u00e9e de la r\u00e9sistance du Teil<\/strong><br>Dans la nuit du 3 au 4 ao\u00fbt 1944, un commando de r\u00e9sistant ard\u00e9chois attaquait un train parti de Marseille \u00e0 destination des camps nazis. Pr\u00e8s de 70 prisonniers \u00e9chapperont \u00e0 la d\u00e9portation gr\u00e2ce au courage et \u00e0 la t\u00e9nacit\u00e9 de ces h\u00e9ros de l&rsquo;ombre. Mais<br>que les attendait il au bout de ces voies ferr\u00e9es?<\/p>\n\n\n\n<figure class=\"wp-block-image size-full\"><img loading=\"lazy\" decoding=\"async\" width=\"375\" height=\"228\" src=\"https:\/\/carrefourlaiqueaubenas.fr\/wp-content\/uploads\/2025\/05\/train.jpg\" alt=\"\" class=\"wp-image-178\" srcset=\"https:\/\/carrefourlaiqueaubenas.fr\/wp-content\/uploads\/2025\/05\/train.jpg 375w, https:\/\/carrefourlaiqueaubenas.fr\/wp-content\/uploads\/2025\/05\/train-300x182.jpg 300w, https:\/\/carrefourlaiqueaubenas.fr\/wp-content\/uploads\/2025\/05\/train-150x91.jpg 150w\" sizes=\"auto, (max-width: 375px) 100vw, 375px\" \/><\/figure>\n\n\n\n<p>Sandrine GAUME, cheffe de projet \u00ab\u00a0mus\u00e9e de la R\u00e9sistance en Ard\u00e8che et<br>de la d\u00e9portation\u00a0\u00bb au Teil, sp\u00e9cialiste de l&rsquo;histoire concentrationnaire, a<br>pr\u00e9c\u00e9demment travaill\u00e9 sur le site de l&rsquo;ancien camp de concentration du<br>Struthof. Pendant 17 ans, elle a \u0153uvr\u00e9 \u00e0 faire conna\u00eetre l&rsquo;histoire des 52<br>000 victimes de ce lieu tout en essayant de d\u00e9crypter ce syst\u00e8me pens\u00e9 par<br>les nazis. Arriv\u00e9e en janvier 2024 en Ard\u00e8che, elle d\u00e9couvre dans les<br>collections du mus\u00e9e un sifflet noir et remonte le fil de son histoire. C&rsquo;est \u00e0<br>ce moment qu&rsquo;elle d\u00e9couvre l&rsquo;histoire incroyable et unique en France de ce<br>train lib\u00e9r\u00e9 par la R\u00e9sistance ard\u00e9choise. Dans la nuit du 3 au 4 ao\u00fbt 1944,<br>un commando de r\u00e9sistant ard\u00e9chois attaquait un train parti de Marseille<br>\u00e0 destination des camps nazis. Pr\u00e8s de 70 prisonniers \u00e9chapperont \u00e0 la<br>d\u00e9portation gr\u00e2ce au courage et \u00e0 la t\u00e9nacit\u00e9 de ces h\u00e9ros de l&rsquo;ombre. Mais<br>que les attendait il au bout de ces voies ferr\u00e9es?<\/p>\n","protected":false},"excerpt":{"rendered":"<p>Jeudi 15 mai \u00e0 18h \u00e0 Aubenas Salle Le Bournot avec Sandrine Gaume du mus\u00e9e de la r\u00e9sistance du TeilDans la nuit du 3 au 4 ao\u00fbt 1944, un commando de r\u00e9sistant ard\u00e9chois attaquait un train parti de Marseille \u00e0 destination des camps nazis. Pr\u00e8s de 70 prisonniers \u00e9chapperont \u00e0 \u2026<\/p>\n<p class=\"continue-reading-button\"> <a class=\"continue-reading-link\" href=\"https:\/\/carrefourlaiqueaubenas.fr\/index.php\/2025\/05\/06\/conference-salle-le-bournot\/\">Lire la suite<i class=\"crycon-right-dir\"><\/i><\/a><\/p>\n","protected":false},"author":1,"featured_media":0,"comment_status":"open","ping_status":"open","sticky":false,"template":"","format":"standard","meta":{"footnotes":""},"categories":[2],"tags":[],"class_list":["post-177","post","type-post","status-publish","format-standard","hentry","category-conference"],"_links":{"self":[{"href":"https:\/\/carrefourlaiqueaubenas.fr\/index.php\/wp-json\/wp\/v2\/posts\/177","targetHints":{"allow":["GET"]}}],"collection":[{"href":"https:\/\/carrefourlaiqueaubenas.fr\/index.php\/wp-json\/wp\/v2\/posts"}],"about":[{"href":"https:\/\/carrefourlaiqueaubenas.fr\/index.php\/wp-json\/wp\/v2\/types\/post"}],"author":[{"embeddable":true,"href":"https:\/\/carrefourlaiqueaubenas.fr\/index.php\/wp-json\/wp\/v2\/users\/1"}],"replies":[{"embeddable":true,"href":"https:\/\/carrefourlaiqueaubenas.fr\/index.php\/wp-json\/wp\/v2\/comments?post=177"}],"version-history":[{"count":3,"href":"https:\/\/carrefourlaiqueaubenas.fr\/index.php\/wp-json\/wp\/v2\/posts\/177\/revisions"}],"predecessor-version":[{"id":226,"href":"https:\/\/carrefourlaiqueaubenas.fr\/index.php\/wp-json\/wp\/v2\/posts\/177\/revisions\/226"}],"wp:attachment":[{"href":"https:\/\/carrefourlaiqueaubenas.fr\/index.php\/wp-json\/wp\/v2\/media?parent=177"}],"wp:term":[{"taxonomy":"category","embeddable":true,"href":"https:\/\/carrefourlaiqueaubenas.fr\/index.php\/wp-json\/wp\/v2\/categories?post=177"},{"taxonomy":"post_tag","embeddable":true,"href":"https:\/\/carrefourlaiqueaubenas.fr\/index.php\/wp-json\/wp\/v2\/tags?post=177"}],"curies":[{"name":"wp","href":"https:\/\/api.w.org\/{rel}","templated":true}]}}