{"id":215,"date":"2025-05-08T19:35:55","date_gmt":"2025-05-08T18:35:55","guid":{"rendered":"https:\/\/carrefourlaiqueaubenas.fr\/?p=215"},"modified":"2025-05-08T19:35:55","modified_gmt":"2025-05-08T18:35:55","slug":"le-fabricophone","status":"publish","type":"post","link":"https:\/\/carrefourlaiqueaubenas.fr\/index.php\/2025\/05\/08\/le-fabricophone\/","title":{"rendered":"Le FABRICOPHONE"},"content":{"rendered":"\n<p><\/p>\n\n\n\n<p>Vendredi 23 mai<br>Salle de la Lauzi\u00e8re \u00e0 St Privat \u00e0 20h<\/p>\n\n\n\n<figure class=\"wp-block-image size-full\"><img loading=\"lazy\" decoding=\"async\" width=\"673\" height=\"902\" src=\"https:\/\/carrefourlaiqueaubenas.fr\/wp-content\/uploads\/2025\/05\/fabricophone.jpg\" alt=\"\" class=\"wp-image-216\" srcset=\"https:\/\/carrefourlaiqueaubenas.fr\/wp-content\/uploads\/2025\/05\/fabricophone.jpg 673w, https:\/\/carrefourlaiqueaubenas.fr\/wp-content\/uploads\/2025\/05\/fabricophone-224x300.jpg 224w, https:\/\/carrefourlaiqueaubenas.fr\/wp-content\/uploads\/2025\/05\/fabricophone-112x150.jpg 112w\" sizes=\"auto, (max-width: 673px) 100vw, 673px\" \/><\/figure>\n","protected":false},"excerpt":{"rendered":"<p>Vendredi 23 maiSalle de la Lauzi\u00e8re \u00e0 St Privat \u00e0 20h<\/p>\n<p class=\"continue-reading-button\"> <a class=\"continue-reading-link\" href=\"https:\/\/carrefourlaiqueaubenas.fr\/index.php\/2025\/05\/08\/le-fabricophone\/\">Lire la suite<i class=\"crycon-right-dir\"><\/i><\/a><\/p>\n","protected":false},"author":1,"featured_media":217,"comment_status":"open","ping_status":"open","sticky":false,"template":"","format":"standard","meta":{"footnotes":""},"categories":[2],"tags":[],"class_list":["post-215","post","type-post","status-publish","format-standard","has-post-thumbnail","hentry","category-conference"],"_links":{"self":[{"href":"https:\/\/carrefourlaiqueaubenas.fr\/index.php\/wp-json\/wp\/v2\/posts\/215","targetHints":{"allow":["GET"]}}],"collection":[{"href":"https:\/\/carrefourlaiqueaubenas.fr\/index.php\/wp-json\/wp\/v2\/posts"}],"about":[{"href":"https:\/\/carrefourlaiqueaubenas.fr\/index.php\/wp-json\/wp\/v2\/types\/post"}],"author":[{"embeddable":true,"href":"https:\/\/carrefourlaiqueaubenas.fr\/index.php\/wp-json\/wp\/v2\/users\/1"}],"replies":[{"embeddable":true,"href":"https:\/\/carrefourlaiqueaubenas.fr\/index.php\/wp-json\/wp\/v2\/comments?post=215"}],"version-history":[{"count":1,"href":"https:\/\/carrefourlaiqueaubenas.fr\/index.php\/wp-json\/wp\/v2\/posts\/215\/revisions"}],"predecessor-version":[{"id":218,"href":"https:\/\/carrefourlaiqueaubenas.fr\/index.php\/wp-json\/wp\/v2\/posts\/215\/revisions\/218"}],"wp:featuredmedia":[{"embeddable":true,"href":"https:\/\/carrefourlaiqueaubenas.fr\/index.php\/wp-json\/wp\/v2\/media\/217"}],"wp:attachment":[{"href":"https:\/\/carrefourlaiqueaubenas.fr\/index.php\/wp-json\/wp\/v2\/media?parent=215"}],"wp:term":[{"taxonomy":"category","embeddable":true,"href":"https:\/\/carrefourlaiqueaubenas.fr\/index.php\/wp-json\/wp\/v2\/categories?post=215"},{"taxonomy":"post_tag","embeddable":true,"href":"https:\/\/carrefourlaiqueaubenas.fr\/index.php\/wp-json\/wp\/v2\/tags?post=215"}],"curies":[{"name":"wp","href":"https:\/\/api.w.org\/{rel}","templated":true}]}}