{"id":237,"date":"2025-01-16T13:29:00","date_gmt":"2025-01-16T12:29:00","guid":{"rendered":"https:\/\/carrefourlaiqueaubenas.fr\/?p=237"},"modified":"2025-05-10T13:32:56","modified_gmt":"2025-05-10T12:32:56","slug":"le-plan-climat-avec-serge-vidal","status":"publish","type":"post","link":"https:\/\/carrefourlaiqueaubenas.fr\/index.php\/2025\/01\/16\/le-plan-climat-avec-serge-vidal\/","title":{"rendered":"Le plan Climat avec Serge VIDAL"},"content":{"rendered":"\n<p>Jeudi 16 janvier 18h30 Maison de Quartier Au fil de l&rsquo;eau PONT d&rsquo;Aubenas\/ <br>Le plan Climat avec Serge VIDAL<br>L\u2019enjeu du changement climatique est majeur, en France et<br>dans le monde, augmentation des temp\u00e9ratures, s\u00e8cheresses,<br>inondations, \u00e9boulements, migrations, conflits arm\u00e9s, etc.<br>Serge Vidal, ing\u00e9nieur-chercheur \u00e0 EDF, aujourd\u2019hui \u00e0 la<br>retraite, ard\u00e9chois d\u2019origine, qui a fait partie du groupe de<br>travail qui a \u00e9labor\u00e9 ce plan \u00e9nergie-climat, le pr\u00e9sentera \u00e0<br>Aubenas, au carrefour la\u00efque, le 16 janvier 2025 \u00e0 18 h30, \u00e0<br>la maison de quartier \u00e0 Pont d\u2019Aubenas.<\/p>\n\n\n\n<figure class=\"wp-block-image size-full\"><img loading=\"lazy\" decoding=\"async\" width=\"424\" height=\"611\" src=\"https:\/\/carrefourlaiqueaubenas.fr\/wp-content\/uploads\/2025\/05\/affichevidal.jpg\" alt=\"\" class=\"wp-image-238\" srcset=\"https:\/\/carrefourlaiqueaubenas.fr\/wp-content\/uploads\/2025\/05\/affichevidal.jpg 424w, https:\/\/carrefourlaiqueaubenas.fr\/wp-content\/uploads\/2025\/05\/affichevidal-208x300.jpg 208w, https:\/\/carrefourlaiqueaubenas.fr\/wp-content\/uploads\/2025\/05\/affichevidal-104x150.jpg 104w\" sizes=\"auto, (max-width: 424px) 100vw, 424px\" \/><\/figure>\n","protected":false},"excerpt":{"rendered":"<p>Jeudi 16 janvier 18h30 Maison de Quartier Au fil de l&rsquo;eau PONT d&rsquo;Aubenas\/ Le plan Climat avec Serge VIDALL\u2019enjeu du changement climatique est majeur, en France etdans le monde, augmentation des temp\u00e9ratures, s\u00e8cheresses,inondations, \u00e9boulements, migrations, conflits arm\u00e9s, etc.Serge Vidal, ing\u00e9nieur-chercheur \u00e0 EDF, aujourd\u2019hui \u00e0 laretraite, ard\u00e9chois d\u2019origine, qui a fait \u2026<\/p>\n<p class=\"continue-reading-button\"> <a class=\"continue-reading-link\" href=\"https:\/\/carrefourlaiqueaubenas.fr\/index.php\/2025\/01\/16\/le-plan-climat-avec-serge-vidal\/\">Lire la suite<i class=\"crycon-right-dir\"><\/i><\/a><\/p>\n","protected":false},"author":1,"featured_media":0,"comment_status":"open","ping_status":"open","sticky":false,"template":"","format":"standard","meta":{"footnotes":""},"categories":[2],"tags":[],"class_list":["post-237","post","type-post","status-publish","format-standard","hentry","category-conference"],"_links":{"self":[{"href":"https:\/\/carrefourlaiqueaubenas.fr\/index.php\/wp-json\/wp\/v2\/posts\/237","targetHints":{"allow":["GET"]}}],"collection":[{"href":"https:\/\/carrefourlaiqueaubenas.fr\/index.php\/wp-json\/wp\/v2\/posts"}],"about":[{"href":"https:\/\/carrefourlaiqueaubenas.fr\/index.php\/wp-json\/wp\/v2\/types\/post"}],"author":[{"embeddable":true,"href":"https:\/\/carrefourlaiqueaubenas.fr\/index.php\/wp-json\/wp\/v2\/users\/1"}],"replies":[{"embeddable":true,"href":"https:\/\/carrefourlaiqueaubenas.fr\/index.php\/wp-json\/wp\/v2\/comments?post=237"}],"version-history":[{"count":1,"href":"https:\/\/carrefourlaiqueaubenas.fr\/index.php\/wp-json\/wp\/v2\/posts\/237\/revisions"}],"predecessor-version":[{"id":239,"href":"https:\/\/carrefourlaiqueaubenas.fr\/index.php\/wp-json\/wp\/v2\/posts\/237\/revisions\/239"}],"wp:attachment":[{"href":"https:\/\/carrefourlaiqueaubenas.fr\/index.php\/wp-json\/wp\/v2\/media?parent=237"}],"wp:term":[{"taxonomy":"category","embeddable":true,"href":"https:\/\/carrefourlaiqueaubenas.fr\/index.php\/wp-json\/wp\/v2\/categories?post=237"},{"taxonomy":"post_tag","embeddable":true,"href":"https:\/\/carrefourlaiqueaubenas.fr\/index.php\/wp-json\/wp\/v2\/tags?post=237"}],"curies":[{"name":"wp","href":"https:\/\/api.w.org\/{rel}","templated":true}]}}