{"id":94,"date":"2016-05-12T09:13:51","date_gmt":"2016-05-12T08:13:51","guid":{"rendered":"http:\/\/carrefourlaiqueaubenas.fr\/?p=94"},"modified":"2016-05-12T09:13:51","modified_gmt":"2016-05-12T08:13:51","slug":"emanciper-le-travail-avec-bernard-friot","status":"publish","type":"post","link":"https:\/\/carrefourlaiqueaubenas.fr\/index.php\/2016\/05\/12\/emanciper-le-travail-avec-bernard-friot\/","title":{"rendered":"\u00c9manciper le travail avec Bernard Friot"},"content":{"rendered":"<p style=\"text-align: left;\" align=\"center\"><span style=\"font-family: 'Times New Roman', serif;\"><span style=\"font-size: medium;\"><b>Jeudi 19 mai 2016 \u00e0 20h30 au\u00a0<\/b><\/span><\/span><span style=\"font-family: 'Times New Roman', serif;\"><span style=\"font-size: medium;\"><b>Centre Etienne Le Bournot \u00e0 Aubenas.<br \/>\n<\/b>Bernard Friot,\u00a0Sociologue et \u00e9conomiste<br \/>\n\u00e0 ne pas confondre avec Bernard Friot, \u00e9crivain pour la jeunesse.<b><br \/>\n<\/b><\/span><\/span><\/p>\n<p>Poursuivant une r\u00e9flexion originale sur le devenir historique et l\u2019avenir du salariat, Bernard Friot remet \u00e0 plat les notions de travail et de salaire.<\/p>\n<p><img loading=\"lazy\" decoding=\"async\" class=\"alignleft size-medium wp-image-95\" src=\"https:\/\/carrefourlaiqueaubenas.fr\/wp-content\/uploads\/2016\/05\/friot-300x205.jpg\" alt=\"friot\" width=\"300\" height=\"205\" srcset=\"https:\/\/carrefourlaiqueaubenas.fr\/wp-content\/uploads\/2016\/05\/friot-300x205.jpg 300w, https:\/\/carrefourlaiqueaubenas.fr\/wp-content\/uploads\/2016\/05\/friot-220x150.jpg 220w, https:\/\/carrefourlaiqueaubenas.fr\/wp-content\/uploads\/2016\/05\/friot-150x102.jpg 150w, https:\/\/carrefourlaiqueaubenas.fr\/wp-content\/uploads\/2016\/05\/friot.jpg 303w\" sizes=\"auto, (max-width: 300px) 100vw, 300px\" \/>Il contredit plusieurs fois des id\u00e9es couramment admises comme consid\u00e9rer les retrait\u00e9s comme des inactifs, ou croire que seule la croissance peut r\u00e9gler le probl\u00e8me du ch\u00f4mage, et il propose l\u2019id\u00e9e radicale du \u00ab\u00a0salaire \u00e0 vie\u00a0\u00bb dont le but n\u2019est pas de supprimer le travail mais de l\u2019\u00e9manciper.<br \/>\nInitiative r\u00e9aliste, visionnaire, utopiste ou choquante\u00a0?<\/p>\n<p>&nbsp;<\/p>\n","protected":false},"excerpt":{"rendered":"<p>Jeudi 19 mai 2016 \u00e0 20h30 au\u00a0Centre Etienne Le Bournot \u00e0 Aubenas. Bernard Friot,\u00a0Sociologue et \u00e9conomiste \u00e0 ne pas confondre avec Bernard Friot, \u00e9crivain pour la jeunesse. Poursuivant une r\u00e9flexion originale sur le devenir historique et l\u2019avenir du salariat, Bernard Friot remet \u00e0 plat les notions de travail et de \u2026<\/p>\n<p class=\"continue-reading-button\"> <a class=\"continue-reading-link\" href=\"https:\/\/carrefourlaiqueaubenas.fr\/index.php\/2016\/05\/12\/emanciper-le-travail-avec-bernard-friot\/\">Lire la suite<i class=\"crycon-right-dir\"><\/i><\/a><\/p>\n","protected":false},"author":1,"featured_media":0,"comment_status":"open","ping_status":"open","sticky":false,"template":"","format":"standard","meta":{"footnotes":""},"categories":[1],"tags":[],"class_list":["post-94","post","type-post","status-publish","format-standard","hentry","category-non-classe"],"_links":{"self":[{"href":"https:\/\/carrefourlaiqueaubenas.fr\/index.php\/wp-json\/wp\/v2\/posts\/94","targetHints":{"allow":["GET"]}}],"collection":[{"href":"https:\/\/carrefourlaiqueaubenas.fr\/index.php\/wp-json\/wp\/v2\/posts"}],"about":[{"href":"https:\/\/carrefourlaiqueaubenas.fr\/index.php\/wp-json\/wp\/v2\/types\/post"}],"author":[{"embeddable":true,"href":"https:\/\/carrefourlaiqueaubenas.fr\/index.php\/wp-json\/wp\/v2\/users\/1"}],"replies":[{"embeddable":true,"href":"https:\/\/carrefourlaiqueaubenas.fr\/index.php\/wp-json\/wp\/v2\/comments?post=94"}],"version-history":[{"count":1,"href":"https:\/\/carrefourlaiqueaubenas.fr\/index.php\/wp-json\/wp\/v2\/posts\/94\/revisions"}],"predecessor-version":[{"id":96,"href":"https:\/\/carrefourlaiqueaubenas.fr\/index.php\/wp-json\/wp\/v2\/posts\/94\/revisions\/96"}],"wp:attachment":[{"href":"https:\/\/carrefourlaiqueaubenas.fr\/index.php\/wp-json\/wp\/v2\/media?parent=94"}],"wp:term":[{"taxonomy":"category","embeddable":true,"href":"https:\/\/carrefourlaiqueaubenas.fr\/index.php\/wp-json\/wp\/v2\/categories?post=94"},{"taxonomy":"post_tag","embeddable":true,"href":"https:\/\/carrefourlaiqueaubenas.fr\/index.php\/wp-json\/wp\/v2\/tags?post=94"}],"curies":[{"name":"wp","href":"https:\/\/api.w.org\/{rel}","templated":true}]}}